{"id":29987,"date":"2025-06-17T14:48:31","date_gmt":"2025-06-17T12:48:31","guid":{"rendered":"https:\/\/almach.com\/?p=29987"},"modified":"2025-06-20T13:00:57","modified_gmt":"2025-06-20T11:00:57","slug":"de-tales","status":"publish","type":"post","link":"https:\/\/almach.com\/en\/de-tales\/","title":{"rendered":"De-tales"},"content":{"rendered":"<p>[et_pb_section fb_built=&#8221;1&#8243; _builder_version=&#8221;4.25.0&#8243; _module_preset=&#8221;default&#8221; custom_padding=&#8221;1px||1px|||&#8221; global_colors_info=&#8221;{}&#8221;][et_pb_row _builder_version=&#8221;4.25.0&#8243; _module_preset=&#8221;default&#8221; global_colors_info=&#8221;{}&#8221;][et_pb_column type=&#8221;4_4&#8243; _builder_version=&#8221;4.25.0&#8243; _module_preset=&#8221;default&#8221; global_colors_info=&#8221;{}&#8221;][et_pb_post_title meta=&#8221;off&#8221; featured_image=&#8221;off&#8221; _builder_version=&#8221;4.25.0&#8243; _module_preset=&#8221;default&#8221; title_font_size=&#8221;40px&#8221; title_line_height=&#8221;2em&#8221; global_colors_info=&#8221;{}&#8221;][\/et_pb_post_title][et_pb_text _builder_version=&#8221;4.25.0&#8243; _module_preset=&#8221;default&#8221; global_colors_info=&#8221;{}&#8221;]<\/p>\n<h1>&#8220;Emma Vitti &#8211; Giulia Frump &#8211; Marta Grimoldi &#8211; Raffaele Sperandeo&#8221;<\/h1>\n<p>[\/et_pb_text][\/et_pb_column][\/et_pb_row][\/et_pb_section][et_pb_section fb_built=&#8221;1&#8243; fullwidth=&#8221;on&#8221; _builder_version=&#8221;4.25.0&#8243; _module_preset=&#8221;default&#8221; global_colors_info=&#8221;{}&#8221;][et_pb_fullwidth_image src=&#8221;https:\/\/almach.com\/wp-content\/uploads\/2025\/06\/Banner-De-Tales030.webp&#8221; title_text=&#8221;Banner De-Tales030&#8243; _builder_version=&#8221;4.27.4&#8243; _module_preset=&#8221;default&#8221; global_colors_info=&#8221;{}&#8221;][\/et_pb_fullwidth_image][\/et_pb_section][et_pb_section fb_built=&#8221;1&#8243; _builder_version=&#8221;4.25.0&#8243; _module_preset=&#8221;default&#8221; custom_padding=&#8221;||6px|||&#8221; global_colors_info=&#8221;{}&#8221;][et_pb_row column_structure=&#8221;1_2,1_2&#8243; _builder_version=&#8221;4.25.0&#8243; _module_preset=&#8221;default&#8221; custom_padding=&#8221;0px|||||&#8221; global_colors_info=&#8221;{}&#8221;][et_pb_column type=&#8221;1_2&#8243; _builder_version=&#8221;4.25.0&#8243; _module_preset=&#8221;default&#8221; global_colors_info=&#8221;{}&#8221;][et_pb_text _builder_version=&#8221;4.27.4&#8243; _module_preset=&#8221;default&#8221; text_font_size=&#8221;16px&#8221; global_colors_info=&#8221;{}&#8221;]<\/p>\n<p align=\"justify\">Un trattino divide il titolo per comporre la parola de-tales, dove tales sta per \u201cstorie\u201d. Ecco quindi che le immagini crescono di dimensioni e significato, rompendo la superficie, tuffandoci in un mare di pensieri e sentimenti che divengono appunto storie.<\/p>\n<p>[\/et_pb_text][\/et_pb_column][et_pb_column type=&#8221;1_2&#8243; _builder_version=&#8221;4.25.0&#8243; _module_preset=&#8221;default&#8221; global_colors_info=&#8221;{}&#8221;][et_pb_text _builder_version=&#8221;4.27.4&#8243; _module_preset=&#8221;default&#8221; text_font_size=&#8221;16px&#8221; global_colors_info=&#8221;{}&#8221;]<\/p>\n<p>Storie che raccontano ognuna le esperienze che le hanno formate, ma con le quali gli autori vogliono portarci nei loro mondi, ognuno diverso, ma tutti accomunati dal desiderio di divenire giorno per giorno migliori.<\/p>\n<p>[\/et_pb_text][\/et_pb_column][\/et_pb_row][\/et_pb_section][et_pb_section fb_built=&#8221;1&#8243; _builder_version=&#8221;4.25.0&#8243; _module_preset=&#8221;default&#8221; custom_padding=&#8221;1px|||||&#8221; global_colors_info=&#8221;{}&#8221;][et_pb_row column_structure=&#8221;1_2,1_2&#8243; _builder_version=&#8221;4.25.0&#8243; _module_preset=&#8221;default&#8221; global_colors_info=&#8221;{}&#8221;][et_pb_column type=&#8221;1_2&#8243; _builder_version=&#8221;4.25.0&#8243; _module_preset=&#8221;default&#8221; global_colors_info=&#8221;{}&#8221;][et_pb_image src=&#8221;https:\/\/almach.com\/wp-content\/uploads\/2025\/06\/Emma-Vitti_Materica-IV_Fotografia-digitale-stampa-su-carta-fine-art-100-cotone-ed-1_6-1-cda_60x90031.webp&#8221; alt=&#8221;Emma-Vitti_Materica-IV_Fotografia-digitale-stampa-su-carta-fine-art-100-cotone-ed-1_6-1-cda_60x90&#8243; title_text=&#8221;Emma Vitti_Materica IV_Fotografia digitale stampa su carta fine art 100 cotone ed 1_6 + 1 cda_60x90031&#8243; _builder_version=&#8221;4.27.4&#8243; _module_preset=&#8221;default&#8221; enable_caption_text=&#8221;on&#8221; global_colors_info=&#8221;{}&#8221;][\/et_pb_image][\/et_pb_column][et_pb_column type=&#8221;1_2&#8243; _builder_version=&#8221;4.25.0&#8243; _module_preset=&#8221;default&#8221; global_colors_info=&#8221;{}&#8221;][et_pb_image src=&#8221;https:\/\/almach.com\/wp-content\/uploads\/2025\/06\/Emma-Vitti_Materica-II_Fotografia-digitale-stampa-su-carta-fine-art-100_-cotone-ed.1_6-1-c.d.a_60x90031.webp&#8221; title_text=&#8221;Emma Vitti_Materica II_Fotografia digitale stampa su carta fine art 100_ cotone ed.1_6 +1 c.d.a_60x90031&#8243; _builder_version=&#8221;4.27.4&#8243; _module_preset=&#8221;default&#8221; enable_caption_text=&#8221;on&#8221; global_colors_info=&#8221;{}&#8221;][\/et_pb_image][\/et_pb_column][\/et_pb_row][et_pb_row _builder_version=&#8221;4.27.4&#8243; _module_preset=&#8221;default&#8221; global_colors_info=&#8221;{}&#8221;][et_pb_column type=&#8221;4_4&#8243; _builder_version=&#8221;4.27.4&#8243; _module_preset=&#8221;default&#8221; global_colors_info=&#8221;{}&#8221;][et_pb_text _builder_version=&#8221;4.27.4&#8243; _module_preset=&#8221;default&#8221; global_colors_info=&#8221;{}&#8221;]<\/p>\n<p align=\"right\" style=\"text-align: left;\"><span><span style=\"color: #000000;\"><span style=\"font-family: Bodoni, serif;\"><span style=\"font-size: medium;\">EMMA VITTI<\/span><\/span><\/span><\/span><\/p>\n<p align=\"right\"><span><span style=\"color: #000000;\"><span style=\"font-family: Bodoni, serif;\"><span style=\"font-size: medium;\">Materica<\/span><\/span><\/span><\/span><\/p>\n<p align=\"justify\"><span><span style=\"color: #000000;\"><span style=\"font-family: Bodoni, serif;\"><span style=\"font-size: medium;\">[\u2026] l\u2019osservatore instaura una conversazione intima con il quadro-mondo ma \u00e8 l\u2019autore che guida il suo sguardo verso l\u2019alto e verso il basso e invita il suo corpo ad allontanarsi o avvicinarsi ai supporti per poter cogliere quei dettagli che metteranno in moto la sua capacit\u00e0 immaginativa *<\/span><\/span><\/span><\/span><\/p>\n<p align=\"right\"><span><span style=\"color: #000000;\"><span style=\"font-family: Bodoni, serif;\"><span style=\"font-size: small;\">* liberamente tratto da \u2018Corpo, Umano\u2019 di Vittorio Lingiardi<\/span><\/span><\/span><\/span><\/p>\n<p align=\"justify\"><span><span style=\"color: #000000;\"><span style=\"font-family: Bodoni, serif;\"><span style=\"font-size: medium;\">Nella serie Materica, lo sguardo dell\u2019osservatore \u00e8 quasi travolto dalla materia-corpo nel pieno della sua potenza e sensualit\u00e0, ma anche del suo prossimo deperimento: questo contrasto libera un\u2019 energia quasi tellurica che dilata i confini oggettivi dell\u2019opera che forse potrebbe espandersi all\u2019infinito.<\/span><\/span><\/span><\/span><\/p>\n<p>[\/et_pb_text][\/et_pb_column][\/et_pb_row][et_pb_row column_structure=&#8221;1_3,1_3,1_3&#8243; _builder_version=&#8221;4.27.4&#8243; _module_preset=&#8221;default&#8221; global_colors_info=&#8221;{}&#8221;][et_pb_column type=&#8221;1_3&#8243; _builder_version=&#8221;4.27.4&#8243; _module_preset=&#8221;default&#8221; global_colors_info=&#8221;{}&#8221;][et_pb_image src=&#8221;https:\/\/almach.com\/wp-content\/uploads\/2025\/06\/Emma-Vitti_Second-Life_Rosso-Vivo-I_Fotografia-digitale-stampa-su-carta-fine-art-100_-cotone-ed.1_6-1-c.d.a_24x18040.webp&#8221; alt=&#8221;Emma-Vitti_Materica-IV_Fotografia-digitale-stampa-su-carta-fine-art-100-cotone-ed-1_6-1-cda_60x90&#8243; title_text=&#8221;Emma Vitti_Second Life_Rosso Vivo I_Fotografia digitale stampa su carta fine art 100_ cotone ed.1_6 +1 c.d.a_24x18040&#8243; _builder_version=&#8221;4.27.4&#8243; _module_preset=&#8221;default&#8221; enable_caption_text=&#8221;on&#8221; global_colors_info=&#8221;{}&#8221;][\/et_pb_image][\/et_pb_column][et_pb_column type=&#8221;1_3&#8243; _builder_version=&#8221;4.27.4&#8243; _module_preset=&#8221;default&#8221; global_colors_info=&#8221;{}&#8221;][et_pb_image src=&#8221;https:\/\/almach.com\/wp-content\/uploads\/2025\/06\/Emma-Vitti_Second-Life_Rosso-Vivo-II_Fotografia-digitale-stampa-su-carta-fine-art-100_-cotone-ed.1_6-1-c.d.a_24x18041.webp&#8221; title_text=&#8221;Emma Vitti_Second Life_Rosso Vivo II_Fotografia digitale stampa su carta fine art 100_ cotone ed.1_6 +1 c.d.a_24x18041&#8243; _builder_version=&#8221;4.27.4&#8243; _module_preset=&#8221;default&#8221; enable_caption_text=&#8221;on&#8221; global_colors_info=&#8221;{}&#8221;][\/et_pb_image][\/et_pb_column][et_pb_column type=&#8221;1_3&#8243; _builder_version=&#8221;4.27.4&#8243; _module_preset=&#8221;default&#8221; global_colors_info=&#8221;{}&#8221;][et_pb_image src=&#8221;https:\/\/almach.com\/wp-content\/uploads\/2025\/06\/Young-Art-Hunters_Emma-Vitti_Second-Life_Rosso-Vivo-III_Fotografia-digitale-stampa-su-carta-fine-art-100_-cotone-ed.1_6-1-c.d.a_24x18042.webp&#8221; title_text=&#8221;Young Art Hunters_Emma Vitti_Second Life_Rosso Vivo III_Fotografia digitale stampa su carta fine art 100_ cotone ed.1_6 +1 c.d.a_24x18042&#8243; _builder_version=&#8221;4.27.4&#8243; _module_preset=&#8221;default&#8221; enable_caption_text=&#8221;on&#8221; global_colors_info=&#8221;{}&#8221;][\/et_pb_image][\/et_pb_column][\/et_pb_row][et_pb_row _builder_version=&#8221;4.27.4&#8243; _module_preset=&#8221;default&#8221; global_colors_info=&#8221;{}&#8221;][et_pb_column type=&#8221;4_4&#8243; _builder_version=&#8221;4.27.4&#8243; _module_preset=&#8221;default&#8221; global_colors_info=&#8221;{}&#8221;][et_pb_text _builder_version=&#8221;4.27.4&#8243; _module_preset=&#8221;default&#8221; global_colors_info=&#8221;{}&#8221;]<\/p>\n<p align=\"right\"><span><span style=\"color: #000000;\"><span style=\"font-family: Bodoni, serif;\"><span style=\"font-size: medium;\">Second life<\/span><\/span><\/span><\/span><\/p>\n<p align=\"justify\">\n<p align=\"justify\"><span><span style=\"color: #000000;\"><span style=\"font-family: Bodoni, serif;\"><span style=\"font-size: medium;\">In Second life l\u2019Heros sembra spegnersi nella ripetizione monotona degli sfondi: eppure proprio in quei piccoli rettangoli di asfalto bagnato macchiato e calpestato prendono vita i piccolissimi scarti che diventano protagonisti di differenti narrazioni: la loro seconda vita gliela conferisce il nostro sguardo, appiattito sul basso ma tutt\u2019altro che inerte.<\/span><\/span><\/span><\/span><\/p>\n<p align=\"justify\"><span><span style=\"color: #000000;\"><span style=\"font-family: Bodoni, serif;\"><span style=\"font-size: medium;\">Il grande, il piccolo, il vicino, il lontano sembrano contrapporsi. In realt\u00e0 dialogano liberando la loro misteriosa energia.<\/span><\/span><\/span><\/span><\/p>\n<p>[\/et_pb_text][\/et_pb_column][\/et_pb_row][\/et_pb_section][et_pb_section fb_built=&#8221;1&#8243; _builder_version=&#8221;4.25.0&#8243; _module_preset=&#8221;default&#8221; global_colors_info=&#8221;{}&#8221;][et_pb_row column_structure=&#8221;1_4,1_4,1_4,1_4&#8243; _builder_version=&#8221;4.25.0&#8243; _module_preset=&#8221;default&#8221; custom_padding=&#8221;||40px|||&#8221; global_colors_info=&#8221;{}&#8221;][et_pb_column type=&#8221;1_4&#8243; _builder_version=&#8221;4.25.0&#8243; _module_preset=&#8221;default&#8221; global_colors_info=&#8221;{}&#8221;][et_pb_image src=&#8221;https:\/\/almach.com\/wp-content\/uploads\/2025\/06\/0_LEAVES-copia.webp&#8221; title_text=&#8221;0_LEAVES copia&#8221; _builder_version=&#8221;4.27.4&#8243; _module_preset=&#8221;default&#8221; enable_caption_text=&#8221;on&#8221; global_colors_info=&#8221;{}&#8221;][\/et_pb_image][\/et_pb_column][et_pb_column type=&#8221;1_4&#8243; _builder_version=&#8221;4.25.0&#8243; _module_preset=&#8221;default&#8221; global_colors_info=&#8221;{}&#8221;][et_pb_image src=&#8221;https:\/\/almach.com\/wp-content\/uploads\/2025\/06\/538030.webp&#8221; title_text=&#8221;_538030&#8243; _builder_version=&#8221;4.27.4&#8243; _module_preset=&#8221;default&#8221; enable_caption_text=&#8221;on&#8221; global_colors_info=&#8221;{}&#8221;][\/et_pb_image][\/et_pb_column][et_pb_column type=&#8221;1_4&#8243; _builder_version=&#8221;4.25.0&#8243; _module_preset=&#8221;default&#8221; global_colors_info=&#8221;{}&#8221;][et_pb_image src=&#8221;https:\/\/almach.com\/wp-content\/uploads\/2025\/06\/0_BUTTERFLY_-copia-1.webp&#8221; title_text=&#8221;0_BUTTERFLY_ copia&#8221; _builder_version=&#8221;4.27.4&#8243; _module_preset=&#8221;default&#8221; enable_caption_text=&#8221;on&#8221; global_colors_info=&#8221;{}&#8221;][\/et_pb_image][\/et_pb_column][et_pb_column type=&#8221;1_4&#8243; _builder_version=&#8221;4.25.0&#8243; _module_preset=&#8221;default&#8221; global_colors_info=&#8221;{}&#8221;][et_pb_image src=&#8221;https:\/\/almach.com\/wp-content\/uploads\/2025\/06\/0_NEVE030.webp&#8221; title_text=&#8221;_0_NEVE030&#8243; _builder_version=&#8221;4.27.4&#8243; _module_preset=&#8221;default&#8221; enable_caption_text=&#8221;on&#8221; global_colors_info=&#8221;{}&#8221;][\/et_pb_image][\/et_pb_column][\/et_pb_row][et_pb_row _builder_version=&#8221;4.27.4&#8243; _module_preset=&#8221;default&#8221; global_colors_info=&#8221;{}&#8221;][et_pb_column type=&#8221;4_4&#8243; _builder_version=&#8221;4.27.4&#8243; _module_preset=&#8221;default&#8221; global_colors_info=&#8221;{}&#8221;][et_pb_text _builder_version=&#8221;4.27.4&#8243; _module_preset=&#8221;default&#8221; global_colors_info=&#8221;{}&#8221;]<\/p>\n<p align=\"right\" style=\"text-align: left;\"><span><span style=\"color: #000000;\"><span style=\"font-family: Bodoni, serif;\"><span style=\"font-size: medium;\">GIULIA FRUMP<\/span><\/span><\/span><\/span><\/p>\n<p align=\"right\"><span><span style=\"color: #000000;\"><span style=\"font-family: Bodoni, serif;\"><span style=\"font-size: medium;\">Ecoesistenze<\/span><\/span><\/span><\/span><\/p>\n<p align=\"justify\"><span><span style=\"color: #000000;\"><span style=\"font-family: Bodoni, serif;\"><span style=\"font-size: medium;\">Nelle foto di Giulia Frump l\u2019elemento naturale diviene parte integrante del processo creativo, difatti, sullo scatto analogico stampato in un primo tempo, vengono appoggiati i diversi componenti, permettendogli di entrare in connessione con il soggetto che li ospita, creando un gioco di ombre e tridimensionalit\u00e0 che ci fa percepire questa connessione, rendendola tangibile e reale. Qui, l\u2019eterna guerra di prevaricazione tra umano e naturale trova pace e coesistenza in una galassia fotografica, in cui i due soggetti convivono supportandosi a vicenda<\/span><\/span><\/span><\/span><\/p>\n<p>[\/et_pb_text][\/et_pb_column][\/et_pb_row][et_pb_row column_structure=&#8221;1_3,1_3,1_3&#8243; _builder_version=&#8221;4.25.0&#8243; _module_preset=&#8221;default&#8221; custom_padding=&#8221;||40px|||&#8221; locked=&#8221;off&#8221; global_colors_info=&#8221;{}&#8221;][et_pb_column type=&#8221;1_3&#8243; _builder_version=&#8221;4.25.0&#8243; _module_preset=&#8221;default&#8221; global_colors_info=&#8221;{}&#8221;][et_pb_image src=&#8221;https:\/\/almach.com\/wp-content\/uploads\/2025\/06\/0_DROPS_-copia.webp&#8221; title_text=&#8221;0_DROPS_ copia&#8221; _builder_version=&#8221;4.27.4&#8243; _module_preset=&#8221;default&#8221; enable_caption_text=&#8221;on&#8221; global_colors_info=&#8221;{}&#8221;][\/et_pb_image][\/et_pb_column][et_pb_column type=&#8221;1_3&#8243; _builder_version=&#8221;4.25.0&#8243; _module_preset=&#8221;default&#8221; global_colors_info=&#8221;{}&#8221;][et_pb_image src=&#8221;https:\/\/almach.com\/wp-content\/uploads\/2025\/06\/Ecoesistenze-5036.webp&#8221; title_text=&#8221;Ecoesistenze 5036&#8243; _builder_version=&#8221;4.27.4&#8243; _module_preset=&#8221;default&#8221; enable_caption_text=&#8221;on&#8221; global_colors_info=&#8221;{}&#8221;][\/et_pb_image][\/et_pb_column][et_pb_column type=&#8221;1_3&#8243; _builder_version=&#8221;4.25.0&#8243; _module_preset=&#8221;default&#8221; global_colors_info=&#8221;{}&#8221;][et_pb_image src=&#8221;https:\/\/almach.com\/wp-content\/uploads\/2025\/06\/0_WATER-copia.webp&#8221; title_text=&#8221;0_WATER copia&#8221; _builder_version=&#8221;4.27.4&#8243; _module_preset=&#8221;default&#8221; enable_caption_text=&#8221;on&#8221; global_colors_info=&#8221;{}&#8221;][\/et_pb_image][\/et_pb_column][\/et_pb_row][\/et_pb_section][et_pb_section fb_built=&#8221;1&#8243; _builder_version=&#8221;4.25.0&#8243; _module_preset=&#8221;default&#8221; custom_padding=&#8221;||10px|||&#8221; global_colors_info=&#8221;{}&#8221;][et_pb_row _builder_version=&#8221;4.25.0&#8243; _module_preset=&#8221;default&#8221; custom_padding=&#8221;4px||7px|||&#8221; global_colors_info=&#8221;{}&#8221;][et_pb_column type=&#8221;4_4&#8243; _builder_version=&#8221;4.25.0&#8243; _module_preset=&#8221;default&#8221; global_colors_info=&#8221;{}&#8221;][et_pb_image src=&#8221;https:\/\/almach.com\/wp-content\/uploads\/2025\/06\/De_tales-pano-Emma-Vitti-e-Giulia-Frump031.webp&#8221; title_text=&#8221;De_tales pano Emma Vitti e Giulia Frump031&#8243; force_fullwidth=&#8221;on&#8221; _builder_version=&#8221;4.27.4&#8243; _module_preset=&#8221;default&#8221; custom_margin=&#8221;-28px|||||&#8221; global_colors_info=&#8221;{}&#8221;][\/et_pb_image][\/et_pb_column][\/et_pb_row][\/et_pb_section][et_pb_section fb_built=&#8221;1&#8243; _builder_version=&#8221;4.25.0&#8243; _module_preset=&#8221;default&#8221; locked=&#8221;off&#8221; global_colors_info=&#8221;{}&#8221;][et_pb_row column_structure=&#8221;1_4,1_4,1_4,1_4&#8243; _builder_version=&#8221;4.25.0&#8243; _module_preset=&#8221;default&#8221; global_colors_info=&#8221;{}&#8221;][et_pb_column type=&#8221;1_4&#8243; _builder_version=&#8221;4.25.0&#8243; _module_preset=&#8221;default&#8221; global_colors_info=&#8221;{}&#8221;][et_pb_image src=&#8221;https:\/\/almach.com\/wp-content\/uploads\/2025\/06\/Marta-Grimoldi_I-feel-so-Raw2_Fotografia-digitale-stampa-su-carta-fine-art-ed.1_5037.webp&#8221; title_text=&#8221;Marta Grimoldi_I feel so Raw2_Fotografia digitale stampa su carta fine art ed.1_5037&#8243; _builder_version=&#8221;4.27.4&#8243; _module_preset=&#8221;default&#8221; enable_caption_text=&#8221;on&#8221; global_colors_info=&#8221;{}&#8221;][\/et_pb_image][\/et_pb_column][et_pb_column type=&#8221;1_4&#8243; _builder_version=&#8221;4.25.0&#8243; _module_preset=&#8221;default&#8221; global_colors_info=&#8221;{}&#8221;][et_pb_image src=&#8221;https:\/\/almach.com\/wp-content\/uploads\/2025\/06\/Marta-Grimoldi_I-feel-so-Raw-1_Fotografia-digitale-stampa-su-carta-fine-art-ed.1_5036.webp&#8221; title_text=&#8221;Marta Grimoldi_I feel so Raw 1_Fotografia digitale stampa su carta fine art ed.1_5036&#8243; _builder_version=&#8221;4.27.4&#8243; _module_preset=&#8221;default&#8221; enable_caption_text=&#8221;on&#8221; global_colors_info=&#8221;{}&#8221;][\/et_pb_image][\/et_pb_column][et_pb_column type=&#8221;1_4&#8243; _builder_version=&#8221;4.25.0&#8243; _module_preset=&#8221;default&#8221; global_colors_info=&#8221;{}&#8221;][et_pb_image src=&#8221;https:\/\/almach.com\/wp-content\/uploads\/2025\/06\/Marta-Grimoldi_Ground-Glass-7_Fotografia-digitale-stampa-su-carta-fine-art-ed.1_5034.webp&#8221; title_text=&#8221;Marta Grimoldi_Ground Glass 7_Fotografia digitale stampa su carta fine art ed.1_5034&#8243; _builder_version=&#8221;4.27.4&#8243; _module_preset=&#8221;default&#8221; enable_caption_text=&#8221;on&#8221; global_colors_info=&#8221;{}&#8221;][\/et_pb_image][\/et_pb_column][et_pb_column type=&#8221;1_4&#8243; _builder_version=&#8221;4.25.0&#8243; _module_preset=&#8221;default&#8221; global_colors_info=&#8221;{}&#8221;][et_pb_image src=&#8221;https:\/\/almach.com\/wp-content\/uploads\/2025\/06\/Marta-Grimoldi_Ground-Glass-4_Fotografia-digitale-stampa-su-carta-fine-art-ed.1_5033.webp&#8221; title_text=&#8221;Marta Grimoldi_Ground Glass 4_Fotografia digitale stampa su carta fine art ed.1_5033&#8243; _builder_version=&#8221;4.27.4&#8243; _module_preset=&#8221;default&#8221; enable_caption_text=&#8221;on&#8221; global_colors_info=&#8221;{}&#8221;][\/et_pb_image][\/et_pb_column][\/et_pb_row][et_pb_row _builder_version=&#8221;4.27.4&#8243; _module_preset=&#8221;default&#8221; global_colors_info=&#8221;{}&#8221;][et_pb_column type=&#8221;4_4&#8243; _builder_version=&#8221;4.27.4&#8243; _module_preset=&#8221;default&#8221; global_colors_info=&#8221;{}&#8221;][et_pb_text _builder_version=&#8221;4.27.4&#8243; _module_preset=&#8221;default&#8221; global_colors_info=&#8221;{}&#8221;]<\/p>\n<p align=\"right\" style=\"text-align: left;\"><span><span style=\"color: #000000;\"><span style=\"font-family: Bodoni, serif;\"><span style=\"font-size: medium;\">MARTA GRIMOLDI<\/span><\/span><\/span><\/span><\/p>\n<p align=\"right\"><span><span style=\"color: #000000;\"><span style=\"font-family: Bodoni, serif;\"><span style=\"font-size: medium;\">Ground glass<\/span><\/span><\/span><\/span><\/p>\n<p align=\"justify\"><span><span style=\"color: #000000;\"><span style=\"font-family: Bodoni, serif;\"><span style=\"font-size: medium;\">La cisti endometriosica nelle diagnosi \u00e8 anche chiamata ciste \u2018Ground Glass\u2019 (vetro smerigliato), per come si presenta esternamente.<\/span><\/span><\/span><\/span><\/p>\n<p align=\"justify\"><span><span style=\"color: #000000;\"><span style=\"font-family: Bodoni, serif;\"><span style=\"font-size: medium;\">Da quando l\u2019artista ha scoperto di soffrire di endometriosi, ha sentito il suo corpo appassire come un fiore d\u2019autunno e ha percepito per la prima volta il bisogno di fotografare se stessa.<\/span><\/span><\/span><\/span><\/p>\n<p align=\"justify\"><span><span style=\"color: #000000;\"><span style=\"font-family: Bodoni, serif;\"><span style=\"font-size: medium;\">Attraverso l\u2019autoritratto, esprime ci\u00f2 che sente, creando tramite gli elementi naturali, un paesaggio interiore fatto di emozioni.<\/span><\/span><\/span><\/span><\/p>\n<p align=\"justify\"><span><span style=\"color: #000000;\"><span style=\"font-family: Bodoni, serif;\"><span style=\"font-size: medium;\">Passando attraverso un vetro smerigliato, la luce pone in relazione i due soggetti e ci\u00f2 che si crea \u00e8 un dialogo che racconta, in immagini, una patologia che \u00e8 spesso sottovalutata poich\u00e9 non visibile.<\/span><\/span><\/span><\/span><\/p>\n<p>[\/et_pb_text][\/et_pb_column][\/et_pb_row][et_pb_row column_structure=&#8221;1_2,1_2&#8243; _builder_version=&#8221;4.25.0&#8243; _module_preset=&#8221;default&#8221; locked=&#8221;off&#8221; global_colors_info=&#8221;{}&#8221;][et_pb_column type=&#8221;1_2&#8243; _builder_version=&#8221;4.25.0&#8243; _module_preset=&#8221;default&#8221; global_colors_info=&#8221;{}&#8221;][et_pb_image src=&#8221;https:\/\/almach.com\/wp-content\/uploads\/2025\/06\/Marta-Grimoldi_Ground-Glass-1_Fotografia-digitale-stampa-su-carta-fine-art-ed.1_5030.webp&#8221; title_text=&#8221;Marta Grimoldi_Ground Glass 1_Fotografia digitale stampa su carta fine art ed.1_5030&#8243; _builder_version=&#8221;4.27.4&#8243; _module_preset=&#8221;default&#8221; enable_caption_text=&#8221;on&#8221; global_colors_info=&#8221;{}&#8221;][\/et_pb_image][\/et_pb_column][et_pb_column type=&#8221;1_2&#8243; _builder_version=&#8221;4.25.0&#8243; _module_preset=&#8221;default&#8221; global_colors_info=&#8221;{}&#8221;][et_pb_image src=&#8221;https:\/\/almach.com\/wp-content\/uploads\/2025\/06\/Marta-Grimoldi_Ground-Glass-8_Fotografia-digitale-stampa-su-carta-fine-art-ed.1_5035.webp&#8221; title_text=&#8221;Marta Grimoldi_Ground Glass 8_Fotografia digitale stampa su carta fine art ed.1_5035&#8243; _builder_version=&#8221;4.27.4&#8243; _module_preset=&#8221;default&#8221; enable_caption_text=&#8221;on&#8221; global_colors_info=&#8221;{}&#8221;][\/et_pb_image][\/et_pb_column][\/et_pb_row][\/et_pb_section][et_pb_section fb_built=&#8221;1&#8243; _builder_version=&#8221;4.25.0&#8243; _module_preset=&#8221;default&#8221; custom_padding=&#8221;||10px|||&#8221; locked=&#8221;off&#8221; global_colors_info=&#8221;{}&#8221;][et_pb_row _builder_version=&#8221;4.25.0&#8243; _module_preset=&#8221;default&#8221; custom_padding=&#8221;4px||7px|||&#8221; global_colors_info=&#8221;{}&#8221;][et_pb_column type=&#8221;4_4&#8243; _builder_version=&#8221;4.25.0&#8243; _module_preset=&#8221;default&#8221; global_colors_info=&#8221;{}&#8221;][et_pb_image src=&#8221;https:\/\/almach.com\/wp-content\/uploads\/2025\/06\/De-tales-pano-Marta-Grimoldi-e-Raffaele-Sperandeo030.webp&#8221; title_text=&#8221;De-tales pano Marta Grimoldi e Raffaele Sperandeo030&#8243; force_fullwidth=&#8221;on&#8221; _builder_version=&#8221;4.27.4&#8243; _module_preset=&#8221;default&#8221; custom_margin=&#8221;-28px|||||&#8221; global_colors_info=&#8221;{}&#8221;][\/et_pb_image][\/et_pb_column][\/et_pb_row][\/et_pb_section][et_pb_section fb_built=&#8221;1&#8243; admin_label=&#8221;About&#8221; _builder_version=&#8221;4.24.2&#8243; _module_preset=&#8221;default&#8221; collapsed=&#8221;on&#8221; global_colors_info=&#8221;{}&#8221;][et_pb_row column_structure=&#8221;1_3,1_3,1_3&#8243; _builder_version=&#8221;4.27.4&#8243; _module_preset=&#8221;default&#8221; global_colors_info=&#8221;{}&#8221;][et_pb_column type=&#8221;1_3&#8243; _builder_version=&#8221;4.27.4&#8243; _module_preset=&#8221;default&#8221; global_colors_info=&#8221;{}&#8221;][et_pb_image src=&#8221;https:\/\/almach.com\/wp-content\/uploads\/2025\/06\/20220512-P5121867-copia035.webp&#8221; title_text=&#8221;20220512-P5121867 copia035&#8243; _builder_version=&#8221;4.27.4&#8243; _module_preset=&#8221;default&#8221; global_colors_info=&#8221;{}&#8221;][\/et_pb_image][\/et_pb_column][et_pb_column type=&#8221;1_3&#8243; _builder_version=&#8221;4.27.4&#8243; _module_preset=&#8221;default&#8221; global_colors_info=&#8221;{}&#8221;][et_pb_image src=&#8221;https:\/\/almach.com\/wp-content\/uploads\/2025\/06\/P9030024-copia034.webp&#8221; title_text=&#8221;P9030024 copia034&#8243; _builder_version=&#8221;4.27.4&#8243; _module_preset=&#8221;default&#8221; global_colors_info=&#8221;{}&#8221;][\/et_pb_image][\/et_pb_column][et_pb_column type=&#8221;1_3&#8243; _builder_version=&#8221;4.27.4&#8243; _module_preset=&#8221;default&#8221; global_colors_info=&#8221;{}&#8221;][et_pb_image src=&#8221;https:\/\/almach.com\/wp-content\/uploads\/2025\/06\/Raffaele-Sperandeo_Les-Halles035.webp&#8221; title_text=&#8221;Raffaele Sperandeo_Les Halles035&#8243; _builder_version=&#8221;4.27.4&#8243; _module_preset=&#8221;default&#8221; global_colors_info=&#8221;{}&#8221;][\/et_pb_image][\/et_pb_column][\/et_pb_row][et_pb_row _builder_version=&#8221;4.27.4&#8243; _module_preset=&#8221;default&#8221; global_colors_info=&#8221;{}&#8221;][et_pb_column type=&#8221;4_4&#8243; _builder_version=&#8221;4.27.4&#8243; _module_preset=&#8221;default&#8221; global_colors_info=&#8221;{}&#8221;][et_pb_text _builder_version=&#8221;4.27.4&#8243; _module_preset=&#8221;default&#8221; hover_enabled=&#8221;0&#8243; global_colors_info=&#8221;{}&#8221; sticky_enabled=&#8221;0&#8243;]<\/p>\n<p align=\"right\" style=\"text-align: left;\"><span><span style=\"color: #000000;\"><span style=\"font-family: Bodoni, serif;\"><span style=\"font-size: medium;\">RAFFAELE SPERANDEO<\/span><\/span><\/span><\/span><\/p>\n<p align=\"right\"><span><span style=\"color: #000000;\"><span style=\"font-family: Bodoni, serif;\"><span style=\"font-size: medium;\">Resonance, un viaggio emotivo<\/span><\/span><\/span><\/span><\/p>\n<p align=\"justify\"><span><span style=\"color: #000000;\"><span style=\"font-family: Bodoni, serif;\"><span style=\"font-size: medium;\">&#8220;resonance, un viaggio emotivo\u201d \u00e8 un lavoro intimo e simbolico dentro il processo di ricostruzione interiore guidato dalla terapia EMDR.<br \/>Questa pratica, scoperta negli anni 80 da Francine Shapiro, si basa sull\u2019ipotesi che il cervello, stimolato bilateralmente (tramite movimenti oculari, suoni o tapping), riesca a \u201criprocessare\u201d i ricordi traumatici, integrandoli e riducendo la loro carica emotiva.<br \/>Il volto frammentato, i fiori sospesi e le forme geometriche astratte si intrecciano in una narrazione fatta di stratificazioni emotive, memoria corporea e trasformazione. Ogni immagine \u00e8 un varco: un istante congelato nel tempo dove dolore e guarigione coesistono in una transizione verso un nuovo ordine interiore.<br \/>L&#8217;uso del bianco e nero e delle doppie esposizioni restituiscono quella sensazione di transizione sospesa tipica del lavoro terapeutico, dove nulla \u00e8 lineare ma tutto \u00e8 trasformabile.<\/span><\/span><\/span><\/span><span style=\"font-size: medium; font-family: Bodoni, serif; color: #000000;\">.<\/span><\/p>\n<p>[\/et_pb_text][\/et_pb_column][\/et_pb_row][et_pb_row column_structure=&#8221;1_4,1_4,1_4,1_4&#8243; _builder_version=&#8221;4.27.4&#8243; _module_preset=&#8221;default&#8221; global_colors_info=&#8221;{}&#8221;][et_pb_column type=&#8221;1_4&#8243; _builder_version=&#8221;4.27.4&#8243; _module_preset=&#8221;default&#8221; global_colors_info=&#8221;{}&#8221;][et_pb_image src=&#8221;https:\/\/almach.com\/wp-content\/uploads\/2025\/06\/P9050380-copia031.webp&#8221; title_text=&#8221;P9050380 copia031&#8243; _builder_version=&#8221;4.27.4&#8243; _module_preset=&#8221;default&#8221; global_colors_info=&#8221;{}&#8221;][\/et_pb_image][\/et_pb_column][et_pb_column type=&#8221;1_4&#8243; _builder_version=&#8221;4.27.4&#8243; _module_preset=&#8221;default&#8221; global_colors_info=&#8221;{}&#8221;][et_pb_image src=&#8221;https:\/\/almach.com\/wp-content\/uploads\/2025\/06\/P5272004-copia030.webp&#8221; title_text=&#8221;P5272004 copia030&#8243; _builder_version=&#8221;4.27.4&#8243; _module_preset=&#8221;default&#8221; global_colors_info=&#8221;{}&#8221;][\/et_pb_image][\/et_pb_column][et_pb_column type=&#8221;1_4&#8243; _builder_version=&#8221;4.27.4&#8243; _module_preset=&#8221;default&#8221; global_colors_info=&#8221;{}&#8221;][et_pb_image src=&#8221;https:\/\/almach.com\/wp-content\/uploads\/2025\/06\/P5211041-copia032.webp&#8221; title_text=&#8221;P5211041 copia032&#8243; _builder_version=&#8221;4.27.4&#8243; _module_preset=&#8221;default&#8221; global_colors_info=&#8221;{}&#8221;][\/et_pb_image][\/et_pb_column][et_pb_column type=&#8221;1_4&#8243; _builder_version=&#8221;4.27.4&#8243; _module_preset=&#8221;default&#8221; global_colors_info=&#8221;{}&#8221;][et_pb_image src=&#8221;https:\/\/almach.com\/wp-content\/uploads\/2025\/06\/20250329-P3290058-copia-2033.webp&#8221; title_text=&#8221;20250329-P3290058 copia 2033&#8243; _builder_version=&#8221;4.27.4&#8243; _module_preset=&#8221;default&#8221; global_colors_info=&#8221;{}&#8221;][\/et_pb_image][\/et_pb_column][\/et_pb_row][\/et_pb_section][et_pb_section fb_built=&#8221;1&#8243; admin_label=&#8221;Services&#8221; _builder_version=&#8221;4.24.2&#8243; _module_preset=&#8221;default&#8221; background_color=&#8221;gcid-555f765c-f894-450b-b9e2-169a23b01a51&#8243; overflow-x=&#8221;hidden&#8221; overflow-y=&#8221;hidden&#8221; collapsed=&#8221;on&#8221; global_colors_info=&#8221;{%22gcid-555f765c-f894-450b-b9e2-169a23b01a51%22:%91%22background_color%22%93}&#8221;][et_pb_row column_structure=&#8221;3_5,2_5&#8243; _builder_version=&#8221;4.24.2&#8243; _module_preset=&#8221;default&#8221; global_colors_info=&#8221;{}&#8221;][et_pb_column type=&#8221;3_5&#8243; _builder_version=&#8221;4.24.2&#8243; _module_preset=&#8221;default&#8221; global_colors_info=&#8221;{}&#8221;][et_pb_image src=&#8221;https:\/\/almach.com\/wp-content\/uploads\/2025\/06\/De-tales-Anna-Barbara-Laura-Luca-Elia-003030.webp&#8221; title_text=&#8221;De-tales Anna Barbara Laura Luca Elia 003030&#8243; _builder_version=&#8221;4.27.4&#8243; _module_preset=&#8221;_initial&#8221; global_colors_info=&#8221;{}&#8221;][\/et_pb_image][et_pb_text _builder_version=&#8221;4.27.4&#8243; _module_preset=&#8221;default&#8221; locked=&#8221;off&#8221; global_colors_info=&#8221;{}&#8221;]<\/p>\n<p>A cura di:<\/p>\n<p>Barbara Ludovina Basile<\/p>\n<p>e Luca Temolo Dall&#8217;Igna<\/p>\n<p>[\/et_pb_text][\/et_pb_column][et_pb_column type=&#8221;2_5&#8243; _builder_version=&#8221;4.24.2&#8243; _module_preset=&#8221;default&#8221; custom_padding=&#8221;100px||||false|false&#8221; custom_padding_tablet=&#8221;0px||||false|false&#8221; custom_padding_phone=&#8221;0vw||||false|false&#8221; custom_padding_last_edited=&#8221;on|desktop&#8221; global_colors_info=&#8221;{}&#8221;][et_pb_text _builder_version=&#8221;4.25.0&#8243; _module_preset=&#8221;_initial&#8221; header_3_font=&#8221;Libre Caslon Display||||||||&#8221; header_3_font_size=&#8221;36px&#8221; header_3_line_height=&#8221;1.2em&#8221; max_width=&#8221;280px&#8221; max_width_tablet=&#8221;100%&#8221; max_width_phone=&#8221;100%&#8221; max_width_last_edited=&#8221;on|tablet&#8221; custom_margin=&#8221;||10px||false|false&#8221; header_3_font_size_tablet=&#8221;20px&#8221; header_3_font_size_phone=&#8221;16px&#8221; header_3_font_size_last_edited=&#8221;on|desktop&#8221; global_colors_info=&#8221;{}&#8221;]<\/p>\n<h3>DE-TALES<\/h3>\n<p>[\/et_pb_text][et_pb_text _builder_version=&#8221;4.27.4&#8243; _module_preset=&#8221;_initial&#8221; global_colors_info=&#8221;{}&#8221;]<\/p>\n<p align=\"justify\">Il progetto si apre con le foto di Giulia Frump, dove la natura domina l\u2019essere umano, ricordandogli le sue origini e facendolo tornare embrione all\u2019interno di un ventre composto da terra e muschio.<\/p>\n<p align=\"justify\">Marta Grimoldi ci regala un dialogo diverso e attraverso i suoi intimi autoscatti, ci presenta una natura che diviene anatomica, capace di fondersi e completarsi col corpo in una danza delicata ma di forte impatto visivo.<\/p>\n<p align=\"justify\">Gli scatti in bianco e nero di Raffaele Sperandeo ci portano piano piano ad un\u2019altra dimensione, dove l\u2019elemento naturale \u00e8 cos\u00ec forte da poter cambiare forma, trasformandosi e cancellando il ricordo di quello che \u00e8 stato per aprirsi ad un dialogo nuovo dove l\u2019uomo pu\u00f2 partecipare solo come spettatore silenzioso.<\/p>\n<p align=\"justify\">Si conclude il percorso nelle foto immersive di Emma Vitti, dove il qui ed ora \u00e8 congelato e ci rimanda a dei luoghi sospesi, all\u2019interno dei quali ci immergiamo completamente senza sapere esattamente dove ci troviamo. Le serie Materica e Second Life ci regalano un abbraccio finale, saturo di una nuova consapevolezza.<\/p>\n<p>[\/et_pb_text][\/et_pb_column][\/et_pb_row][\/et_pb_section]<\/p>\n","protected":false},"excerpt":{"rendered":"<p>&#8220;Emma Vitti &#8211; Giulia Frump &#8211; Marta Grimoldi &#8211; Raffaele Sperandeo&#8221;Un trattino divide il titolo per comporre la parola de-tales, dove tales sta per \u201cstorie\u201d. Ecco quindi che le immagini crescono di dimensioni e significato, rompendo la superficie, tuffandoci in un mare di pensieri e sentimenti che divengono appunto storie.Storie che raccontano ognuna le esperienze [&hellip;]<\/p>\n","protected":false},"author":1,"featured_media":29991,"comment_status":"open","ping_status":"open","sticky":false,"template":"","format":"standard","meta":{"_et_pb_use_builder":"on","_et_pb_old_content":"","_et_gb_content_width":"1080","footnotes":""},"categories":[12],"tags":[27,26,29,144,143,30,25,45,104],"class_list":["post-29987","post","type-post","status-publish","format-standard","has-post-thumbnail","hentry","category-viewing-room","tag-almach-art","tag-almach-art-gallery","tag-artgallery","tag-bw","tag-de-tales","tag-galleria-darte","tag-luca-temolo-dalligna","tag-photo","tag-photography"],"_links":{"self":[{"href":"https:\/\/almach.com\/en\/wp-json\/wp\/v2\/posts\/29987","targetHints":{"allow":["GET"]}}],"collection":[{"href":"https:\/\/almach.com\/en\/wp-json\/wp\/v2\/posts"}],"about":[{"href":"https:\/\/almach.com\/en\/wp-json\/wp\/v2\/types\/post"}],"author":[{"embeddable":true,"href":"https:\/\/almach.com\/en\/wp-json\/wp\/v2\/users\/1"}],"replies":[{"embeddable":true,"href":"https:\/\/almach.com\/en\/wp-json\/wp\/v2\/comments?post=29987"}],"version-history":[{"count":22,"href":"https:\/\/almach.com\/en\/wp-json\/wp\/v2\/posts\/29987\/revisions"}],"predecessor-version":[{"id":30059,"href":"https:\/\/almach.com\/en\/wp-json\/wp\/v2\/posts\/29987\/revisions\/30059"}],"wp:featuredmedia":[{"embeddable":true,"href":"https:\/\/almach.com\/en\/wp-json\/wp\/v2\/media\/29991"}],"wp:attachment":[{"href":"https:\/\/almach.com\/en\/wp-json\/wp\/v2\/media?parent=29987"}],"wp:term":[{"taxonomy":"category","embeddable":true,"href":"https:\/\/almach.com\/en\/wp-json\/wp\/v2\/categories?post=29987"},{"taxonomy":"post_tag","embeddable":true,"href":"https:\/\/almach.com\/en\/wp-json\/wp\/v2\/tags?post=29987"}],"curies":[{"name":"wp","href":"https:\/\/api.w.org\/{rel}","templated":true}]}}